{"id":2168,"date":"2025-03-19T16:28:07","date_gmt":"2025-03-19T15:28:07","guid":{"rendered":"https:\/\/lyceelespierresvives.fr\/?p=2168"},"modified":"2025-03-19T16:28:34","modified_gmt":"2025-03-19T15:28:34","slug":"microz-module-webradio","status":"publish","type":"post","link":"https:\/\/lyceelespierresvives.fr\/?p=2168","title":{"rendered":"MicroZ : module Webradio"},"content":{"rendered":"<p>Dans le cadre de l&rsquo;acquisition de connaissances mais aussi (et peut-\u00eatre surtout) de comp\u00e9tences transposables, le lyc\u00e9e LES PIERRES VIVES a cr\u00e9\u00e9 un module \u00ab\u00a0Web TV\/radio\u00a0\u00bb. Les \u00e9l\u00e8ves volontaires pour participer au projet en tirent de nombreux b\u00e9n\u00e9fices :<\/p><blockquote class=\"wp-block-quote alignright has-text-align-right is-layout-flow wp-block-quote-is-layout-flow\"><p><strong>Un petit groupe de lyc\u00e9en\u00b7nes du lyc\u00e9e Les Pierres Vives de Carri\u00e8re-sur-Seine a d\u00e9cid\u00e9 de lancer son podcast. Au menu, deux projets qui concernent directement leur g\u00e9n\u00e9ration&nbsp;: le Pass Culture et l\u2019uniforme \u00e0 l\u2019\u00e9cole.<\/strong><\/p><cite>Elliot CLARKE, journaliste ayant accompagn\u00e9 les \u00e9l\u00e8ves<\/cite><\/blockquote><p><\/p><p>\u2705 Am\u00e9liorer l\u2019expression orale : pr\u00e9parer et animer une \u00e9mission, c\u2019est apprendre \u00e0 structurer sa pens\u00e9e, articuler ses id\u00e9es et gagner en aisance \u00e0 l\u2019oral, un atout majeur pour le Grand Oral du bac et au-del\u00e0 !<\/p><p>\u2705 D\u00e9velopper des comp\u00e9tences transversales : recherche d\u2019informations, esprit critique, travail en \u00e9quipe, ma\u00eetrise des outils num\u00e9riques\u2026 autant de savoir-faire essentiels dans le monde d\u2019aujourd\u2019hui.<\/p><p>\u2705 Gagner en confiance et en autonomie : s\u2019exprimer devant un micro, d\u00e9fendre un point de vue, interviewer des invit\u00e9s\u2026 autant d\u2019exp\u00e9riences qui boostent l\u2019assurance et la prise d\u2019initiative.<\/p><p>\u2705 Cr\u00e9er du lien et valoriser les talents : la radio f\u00e9d\u00e8re les \u00e9l\u00e8ves autour d\u2019un projet collectif et met en lumi\u00e8re leurs comp\u00e9tences, qu\u2019elles soient journalistiques, techniques ou cr\u00e9atives.<\/p><p>Voici un exemple de r\u00e9alisation (<a href=\"https:\/\/www.bondyblog.fr\/education-aux-medias\/micro-z-petite-radio-grosse-info-a-carrieres-sur-seine\/\">merci \u00e0 Bondy Blog pour leur soutien&#8230;<\/a>)<\/p><p><strong>Retrouvez le premier podcast produit par nos \u00e9l\u00e8ves :<\/strong><\/p><figure class=\"wp-block-audio aligncenter\"><audio controls src=\"https:\/\/lyceelespierresvives.fr\/wp-content\/uploads\/2025\/03\/Podcast-Pass-Culture.mp3\"><\/audio><figcaption class=\"wp-element-caption\"><strong>Podcast WebRadio d\u00e9di\u00e9 au PassCulture<\/strong><\/figcaption><\/figure><figure class=\"wp-block-image size-large\"><img loading=\"lazy\" decoding=\"async\" width=\"1024\" height=\"420\" src=\"https:\/\/lyceelespierresvives.fr\/wp-content\/uploads\/2025\/03\/microZ_bis-1170x480-c-default-1024x420.png\" alt=\"\" class=\"wp-image-2173\" srcset=\"https:\/\/lyceelespierresvives.fr\/wp-content\/uploads\/2025\/03\/microZ_bis-1170x480-c-default-1024x420.png 1024w, https:\/\/lyceelespierresvives.fr\/wp-content\/uploads\/2025\/03\/microZ_bis-1170x480-c-default-300x123.png 300w, https:\/\/lyceelespierresvives.fr\/wp-content\/uploads\/2025\/03\/microZ_bis-1170x480-c-default-768x315.png 768w, https:\/\/lyceelespierresvives.fr\/wp-content\/uploads\/2025\/03\/microZ_bis-1170x480-c-default.png 1170w\" sizes=\"auto, (max-width: 1024px) 100vw, 1024px\" \/><\/figure><p><\/p>","protected":false},"excerpt":{"rendered":"<p>Dans le cadre de l&rsquo;acquisition de connaissances mais aussi (et peut-\u00eatre surtout) de comp\u00e9tences transposables, le lyc\u00e9e LES PIERRES VIVES a cr\u00e9\u00e9 un module \u00ab\u00a0Web TV\/radio\u00a0\u00bb. Les \u00e9l\u00e8ves volontaires pour participer au projet en tirent de nombreux b\u00e9n\u00e9fices : Un petit groupe de lyc\u00e9en\u00b7nes du lyc\u00e9e Les Pierres Vives de Carri\u00e8re-sur-Seine a d\u00e9cid\u00e9 de lancer [&hellip;]<\/p>\n","protected":false},"author":1,"featured_media":2171,"comment_status":"open","ping_status":"open","sticky":false,"template":"","format":"standard","meta":{"inline_featured_image":false,"footnotes":""},"categories":[11],"tags":[],"class_list":["post-2168","post","type-post","status-publish","format-standard","has-post-thumbnail","hentry","category-culturel"],"_links":{"self":[{"href":"https:\/\/lyceelespierresvives.fr\/index.php?rest_route=\/wp\/v2\/posts\/2168","targetHints":{"allow":["GET"]}}],"collection":[{"href":"https:\/\/lyceelespierresvives.fr\/index.php?rest_route=\/wp\/v2\/posts"}],"about":[{"href":"https:\/\/lyceelespierresvives.fr\/index.php?rest_route=\/wp\/v2\/types\/post"}],"author":[{"embeddable":true,"href":"https:\/\/lyceelespierresvives.fr\/index.php?rest_route=\/wp\/v2\/users\/1"}],"replies":[{"embeddable":true,"href":"https:\/\/lyceelespierresvives.fr\/index.php?rest_route=%2Fwp%2Fv2%2Fcomments&post=2168"}],"version-history":[{"count":6,"href":"https:\/\/lyceelespierresvives.fr\/index.php?rest_route=\/wp\/v2\/posts\/2168\/revisions"}],"predecessor-version":[{"id":2177,"href":"https:\/\/lyceelespierresvives.fr\/index.php?rest_route=\/wp\/v2\/posts\/2168\/revisions\/2177"}],"wp:featuredmedia":[{"embeddable":true,"href":"https:\/\/lyceelespierresvives.fr\/index.php?rest_route=\/wp\/v2\/media\/2171"}],"wp:attachment":[{"href":"https:\/\/lyceelespierresvives.fr\/index.php?rest_route=%2Fwp%2Fv2%2Fmedia&parent=2168"}],"wp:term":[{"taxonomy":"category","embeddable":true,"href":"https:\/\/lyceelespierresvives.fr\/index.php?rest_route=%2Fwp%2Fv2%2Fcategories&post=2168"},{"taxonomy":"post_tag","embeddable":true,"href":"https:\/\/lyceelespierresvives.fr\/index.php?rest_route=%2Fwp%2Fv2%2Ftags&post=2168"}],"curies":[{"name":"wp","href":"https:\/\/api.w.org\/{rel}","templated":true}]}}