{"id":2048,"date":"2025-02-07T12:24:57","date_gmt":"2025-02-07T11:24:57","guid":{"rendered":"https:\/\/lyceelespierresvives.fr\/?p=2048"},"modified":"2025-02-07T14:05:10","modified_gmt":"2025-02-07T13:05:10","slug":"accueil-des-correspondants-allemands","status":"publish","type":"post","link":"https:\/\/lyceelespierresvives.fr\/?p=2048","title":{"rendered":"Accueil des corres&rsquo; allemands"},"content":{"rendered":"<p>Vendredi 31 janvier les correspondants allemands de nos \u00e9l\u00e8ves de 2nde sont arriv\u00e9s en TGV depuis <a href=\"https:\/\/fr.wikipedia.org\/wiki\/Gr%C3%BCnstadt\">Gr\u00fcnstadt <\/a>(Rh\u00e9nanie-Palatinat), la ville jumel\u00e9e avec Carri\u00e8res-sur-Seine. Ils ont pass\u00e9 une semaine en France et sont repartis vendredi 7 janvier au matin. <\/p><p>Pendant une semaine ils ont visit\u00e9 Paris et d\u00e9couvert la culture fran\u00e7aise, tout en \u00e9tant log\u00e9s chez leurs correspondants de 2nde, dont la plupart sont des \u00e9l\u00e8ves de la <a href=\"https:\/\/lyceelespierresvives.fr\/?page_id=784\">Section Europ\u00e9enne Allemand<\/a>. <\/p><p>Vendredi matin aux aurores, le d\u00e9part s&rsquo;est effectu\u00e9 depuis la gare de Houilles-Carri\u00e8res, non sans \u00e9motion !<\/p><figure class=\"wp-block-image size-large\"><img loading=\"lazy\" decoding=\"async\" width=\"2000\" height=\"1125\" src=\"https:\/\/lyceelespierresvives.fr\/wp-content\/uploads\/2025\/02\/Acc.-corresp.-25-3-edited.jpg\" alt=\"\" class=\"wp-image-2053\" srcset=\"https:\/\/lyceelespierresvives.fr\/wp-content\/uploads\/2025\/02\/Acc.-corresp.-25-3-edited.jpg 2000w, https:\/\/lyceelespierresvives.fr\/wp-content\/uploads\/2025\/02\/Acc.-corresp.-25-3-edited-300x169.jpg 300w, https:\/\/lyceelespierresvives.fr\/wp-content\/uploads\/2025\/02\/Acc.-corresp.-25-3-edited-1024x576.jpg 1024w, https:\/\/lyceelespierresvives.fr\/wp-content\/uploads\/2025\/02\/Acc.-corresp.-25-3-edited-768x432.jpg 768w, https:\/\/lyceelespierresvives.fr\/wp-content\/uploads\/2025\/02\/Acc.-corresp.-25-3-edited-1536x864.jpg 1536w\" sizes=\"auto, (max-width: 2000px) 100vw, 2000px\" \/><\/figure><p class=\"has-text-align-center\">Vendredi les \u00e9l\u00e8ves ont \u00e9t\u00e9 accueillis par Monsieur le Proviseur. <\/p><figure class=\"wp-block-image size-large\"><img loading=\"lazy\" decoding=\"async\" width=\"1536\" height=\"864\" src=\"https:\/\/lyceelespierresvives.fr\/wp-content\/uploads\/2025\/02\/Depart-corresp.-25-3-edited.jpeg\" alt=\"\" class=\"wp-image-2051\" srcset=\"https:\/\/lyceelespierresvives.fr\/wp-content\/uploads\/2025\/02\/Depart-corresp.-25-3-edited.jpeg 1536w, https:\/\/lyceelespierresvives.fr\/wp-content\/uploads\/2025\/02\/Depart-corresp.-25-3-edited-300x169.jpeg 300w, https:\/\/lyceelespierresvives.fr\/wp-content\/uploads\/2025\/02\/Depart-corresp.-25-3-edited-1024x576.jpeg 1024w, https:\/\/lyceelespierresvives.fr\/wp-content\/uploads\/2025\/02\/Depart-corresp.-25-3-edited-768x432.jpeg 768w\" sizes=\"auto, (max-width: 1536px) 100vw, 1536px\" \/><\/figure><p class=\"has-text-align-center\">Vendredi 7 f\u00e9vrier : l&rsquo;heure de la s\u00e9paration et du retour en Allemagne !<\/p><p><\/p>","protected":false},"excerpt":{"rendered":"<p>Vendredi 31 janvier les correspondants allemands de nos \u00e9l\u00e8ves de 2nde sont arriv\u00e9s en TGV depuis Gr\u00fcnstadt (Rh\u00e9nanie-Palatinat), la ville jumel\u00e9e avec Carri\u00e8res-sur-Seine. Ils ont pass\u00e9 une semaine en France et sont repartis vendredi 7 janvier au matin. Pendant une semaine ils ont visit\u00e9 Paris et d\u00e9couvert la culture fran\u00e7aise, tout en \u00e9tant log\u00e9s chez [&hellip;]<\/p>\n","protected":false},"author":1,"featured_media":2049,"comment_status":"open","ping_status":"open","sticky":false,"template":"wp-custom-template-mod-le-article-cat-gorie-culturel","format":"standard","meta":{"inline_featured_image":false,"footnotes":""},"categories":[11],"tags":[],"class_list":["post-2048","post","type-post","status-publish","format-standard","has-post-thumbnail","hentry","category-culturel"],"_links":{"self":[{"href":"https:\/\/lyceelespierresvives.fr\/index.php?rest_route=\/wp\/v2\/posts\/2048","targetHints":{"allow":["GET"]}}],"collection":[{"href":"https:\/\/lyceelespierresvives.fr\/index.php?rest_route=\/wp\/v2\/posts"}],"about":[{"href":"https:\/\/lyceelespierresvives.fr\/index.php?rest_route=\/wp\/v2\/types\/post"}],"author":[{"embeddable":true,"href":"https:\/\/lyceelespierresvives.fr\/index.php?rest_route=\/wp\/v2\/users\/1"}],"replies":[{"embeddable":true,"href":"https:\/\/lyceelespierresvives.fr\/index.php?rest_route=%2Fwp%2Fv2%2Fcomments&post=2048"}],"version-history":[{"count":4,"href":"https:\/\/lyceelespierresvives.fr\/index.php?rest_route=\/wp\/v2\/posts\/2048\/revisions"}],"predecessor-version":[{"id":2058,"href":"https:\/\/lyceelespierresvives.fr\/index.php?rest_route=\/wp\/v2\/posts\/2048\/revisions\/2058"}],"wp:featuredmedia":[{"embeddable":true,"href":"https:\/\/lyceelespierresvives.fr\/index.php?rest_route=\/wp\/v2\/media\/2049"}],"wp:attachment":[{"href":"https:\/\/lyceelespierresvives.fr\/index.php?rest_route=%2Fwp%2Fv2%2Fmedia&parent=2048"}],"wp:term":[{"taxonomy":"category","embeddable":true,"href":"https:\/\/lyceelespierresvives.fr\/index.php?rest_route=%2Fwp%2Fv2%2Fcategories&post=2048"},{"taxonomy":"post_tag","embeddable":true,"href":"https:\/\/lyceelespierresvives.fr\/index.php?rest_route=%2Fwp%2Fv2%2Ftags&post=2048"}],"curies":[{"name":"wp","href":"https:\/\/api.w.org\/{rel}","templated":true}]}}