{"id":1477,"date":"2024-11-25T08:31:37","date_gmt":"2024-11-25T07:31:37","guid":{"rendered":"https:\/\/lyceelespierresvives.fr\/?p=1477"},"modified":"2025-01-23T13:44:45","modified_gmt":"2025-01-23T12:44:45","slug":"expo-frida-khalo","status":"publish","type":"post","link":"https:\/\/lyceelespierresvives.fr\/?p=1477","title":{"rendered":"Exposition Frida Khalo"},"content":{"rendered":"<p>Frida Kahlo est \u00e0 l\u2019honneur cette semaine ! Venez d\u00e9couvrir le travail des \u00e9l\u00e8ves de Mme Martinez (212-13 et 203) avec l\u2019assistance de Luc\u00eda Navarro, notre auxiliaire de langue en espagnol.<\/p><figure class=\"wp-block-image aligncenter size-full\"><img loading=\"lazy\" decoding=\"async\" width=\"617\" height=\"619\" src=\"https:\/\/lyceelespierresvives.fr\/wp-content\/uploads\/2024\/11\/Capture-decran-2025-01-15-a-18.55.48.png\" alt=\"\" class=\"wp-image-1581\" srcset=\"https:\/\/lyceelespierresvives.fr\/wp-content\/uploads\/2024\/11\/Capture-decran-2025-01-15-a-18.55.48.png 617w, https:\/\/lyceelespierresvives.fr\/wp-content\/uploads\/2024\/11\/Capture-decran-2025-01-15-a-18.55.48-300x300.png 300w, https:\/\/lyceelespierresvives.fr\/wp-content\/uploads\/2024\/11\/Capture-decran-2025-01-15-a-18.55.48-150x150.png 150w\" sizes=\"auto, (max-width: 617px) 100vw, 617px\" \/><\/figure>","protected":false},"excerpt":{"rendered":"<p>Frida Kahlo est \u00e0 l\u2019honneur cette semaine ! Venez d\u00e9couvrir le travail des \u00e9l\u00e8ves de Mme Martinez (212-13 et 203) avec l\u2019assistance de Luc\u00eda Navarro, notre auxiliaire de langue en espagnol.<\/p>\n","protected":false},"author":2,"featured_media":1807,"comment_status":"open","ping_status":"open","sticky":false,"template":"wp-custom-template-mod-le-article-cat-gorie-culturel","format":"standard","meta":{"inline_featured_image":false,"footnotes":""},"categories":[11],"tags":[],"class_list":["post-1477","post","type-post","status-publish","format-standard","has-post-thumbnail","hentry","category-culturel"],"_links":{"self":[{"href":"https:\/\/lyceelespierresvives.fr\/index.php?rest_route=\/wp\/v2\/posts\/1477","targetHints":{"allow":["GET"]}}],"collection":[{"href":"https:\/\/lyceelespierresvives.fr\/index.php?rest_route=\/wp\/v2\/posts"}],"about":[{"href":"https:\/\/lyceelespierresvives.fr\/index.php?rest_route=\/wp\/v2\/types\/post"}],"author":[{"embeddable":true,"href":"https:\/\/lyceelespierresvives.fr\/index.php?rest_route=\/wp\/v2\/users\/2"}],"replies":[{"embeddable":true,"href":"https:\/\/lyceelespierresvives.fr\/index.php?rest_route=%2Fwp%2Fv2%2Fcomments&post=1477"}],"version-history":[{"count":3,"href":"https:\/\/lyceelespierresvives.fr\/index.php?rest_route=\/wp\/v2\/posts\/1477\/revisions"}],"predecessor-version":[{"id":1806,"href":"https:\/\/lyceelespierresvives.fr\/index.php?rest_route=\/wp\/v2\/posts\/1477\/revisions\/1806"}],"wp:featuredmedia":[{"embeddable":true,"href":"https:\/\/lyceelespierresvives.fr\/index.php?rest_route=\/wp\/v2\/media\/1807"}],"wp:attachment":[{"href":"https:\/\/lyceelespierresvives.fr\/index.php?rest_route=%2Fwp%2Fv2%2Fmedia&parent=1477"}],"wp:term":[{"taxonomy":"category","embeddable":true,"href":"https:\/\/lyceelespierresvives.fr\/index.php?rest_route=%2Fwp%2Fv2%2Fcategories&post=1477"},{"taxonomy":"post_tag","embeddable":true,"href":"https:\/\/lyceelespierresvives.fr\/index.php?rest_route=%2Fwp%2Fv2%2Ftags&post=1477"}],"curies":[{"name":"wp","href":"https:\/\/api.w.org\/{rel}","templated":true}]}}