{"id":1449,"date":"2024-11-19T08:20:32","date_gmt":"2024-11-19T07:20:32","guid":{"rendered":"https:\/\/lyceelespierresvives.fr\/?p=1449"},"modified":"2025-01-23T13:52:21","modified_gmt":"2025-01-23T12:52:21","slug":"chorale","status":"publish","type":"post","link":"https:\/\/lyceelespierresvives.fr\/?p=1449","title":{"rendered":"Projet musical avec Radio-France"},"content":{"rendered":"<p>Premi\u00e8re r\u00e9p\u00e9tition de la chorale avec les autres lyc\u00e9es du projet Radio-France autour de Billie Holiday, rencontre avec le chef de ch\u0153ur Louis Gal et tous les responsables du projet. Dans le magnifique lyc\u00e9e Jacques Decour pr\u00e8s de Montmartre, o\u00f9 auront \u00e9galement lieu toutes les autres r\u00e9p\u00e9titions en tutti avant le concert du 3 mai !<\/p><figure class=\"wp-block-gallery has-nested-images columns-default is-cropped wp-block-gallery-1 is-layout-flex wp-block-gallery-is-layout-flex\"><figure class=\"wp-block-image size-large\"><img loading=\"lazy\" decoding=\"async\" width=\"1024\" height=\"768\" data-id=\"1584\" src=\"https:\/\/lyceelespierresvives.fr\/wp-content\/uploads\/2024\/11\/IMG_4557-1024x768.jpeg\" alt=\"\" class=\"wp-image-1584\" srcset=\"https:\/\/lyceelespierresvives.fr\/wp-content\/uploads\/2024\/11\/IMG_4557-1024x768.jpeg 1024w, https:\/\/lyceelespierresvives.fr\/wp-content\/uploads\/2024\/11\/IMG_4557-300x225.jpeg 300w, https:\/\/lyceelespierresvives.fr\/wp-content\/uploads\/2024\/11\/IMG_4557-768x576.jpeg 768w, https:\/\/lyceelespierresvives.fr\/wp-content\/uploads\/2024\/11\/IMG_4557-1536x1152.jpeg 1536w, https:\/\/lyceelespierresvives.fr\/wp-content\/uploads\/2024\/11\/IMG_4557.jpeg 2048w\" sizes=\"auto, (max-width: 1024px) 100vw, 1024px\" \/><\/figure>\n\n<figure class=\"wp-block-image size-large\"><img loading=\"lazy\" decoding=\"async\" width=\"1024\" height=\"768\" data-id=\"1585\" src=\"https:\/\/lyceelespierresvives.fr\/wp-content\/uploads\/2024\/11\/IMG_4561-1024x768.jpeg\" alt=\"\" class=\"wp-image-1585\" srcset=\"https:\/\/lyceelespierresvives.fr\/wp-content\/uploads\/2024\/11\/IMG_4561-1024x768.jpeg 1024w, https:\/\/lyceelespierresvives.fr\/wp-content\/uploads\/2024\/11\/IMG_4561-300x225.jpeg 300w, https:\/\/lyceelespierresvives.fr\/wp-content\/uploads\/2024\/11\/IMG_4561-768x576.jpeg 768w, https:\/\/lyceelespierresvives.fr\/wp-content\/uploads\/2024\/11\/IMG_4561-1536x1152.jpeg 1536w, https:\/\/lyceelespierresvives.fr\/wp-content\/uploads\/2024\/11\/IMG_4561.jpeg 2048w\" sizes=\"auto, (max-width: 1024px) 100vw, 1024px\" \/><\/figure>\n\n<figure class=\"wp-block-image size-large\"><img loading=\"lazy\" decoding=\"async\" width=\"1024\" height=\"768\" data-id=\"1586\" src=\"https:\/\/lyceelespierresvives.fr\/wp-content\/uploads\/2024\/11\/IMG_4563-1024x768.jpeg\" alt=\"\" class=\"wp-image-1586\" srcset=\"https:\/\/lyceelespierresvives.fr\/wp-content\/uploads\/2024\/11\/IMG_4563-1024x768.jpeg 1024w, https:\/\/lyceelespierresvives.fr\/wp-content\/uploads\/2024\/11\/IMG_4563-300x225.jpeg 300w, https:\/\/lyceelespierresvives.fr\/wp-content\/uploads\/2024\/11\/IMG_4563-768x576.jpeg 768w, https:\/\/lyceelespierresvives.fr\/wp-content\/uploads\/2024\/11\/IMG_4563-1536x1152.jpeg 1536w, https:\/\/lyceelespierresvives.fr\/wp-content\/uploads\/2024\/11\/IMG_4563.jpeg 2048w\" sizes=\"auto, (max-width: 1024px) 100vw, 1024px\" \/><\/figure>\n\n<figure class=\"wp-block-image size-large\"><img loading=\"lazy\" decoding=\"async\" width=\"1024\" height=\"1024\" data-id=\"1587\" src=\"https:\/\/lyceelespierresvives.fr\/wp-content\/uploads\/2024\/11\/IMG_4565-1024x1024.jpeg\" alt=\"\" class=\"wp-image-1587\" srcset=\"https:\/\/lyceelespierresvives.fr\/wp-content\/uploads\/2024\/11\/IMG_4565-1024x1024.jpeg 1024w, https:\/\/lyceelespierresvives.fr\/wp-content\/uploads\/2024\/11\/IMG_4565-300x300.jpeg 300w, https:\/\/lyceelespierresvives.fr\/wp-content\/uploads\/2024\/11\/IMG_4565-150x150.jpeg 150w, https:\/\/lyceelespierresvives.fr\/wp-content\/uploads\/2024\/11\/IMG_4565-768x768.jpeg 768w, https:\/\/lyceelespierresvives.fr\/wp-content\/uploads\/2024\/11\/IMG_4565-1536x1536.jpeg 1536w, https:\/\/lyceelespierresvives.fr\/wp-content\/uploads\/2024\/11\/IMG_4565.jpeg 1772w\" sizes=\"auto, (max-width: 1024px) 100vw, 1024px\" \/><\/figure>\n\n<figure class=\"wp-block-image size-large\"><img loading=\"lazy\" decoding=\"async\" width=\"1024\" height=\"768\" data-id=\"1588\" src=\"https:\/\/lyceelespierresvives.fr\/wp-content\/uploads\/2024\/11\/IMG_4566-1024x768.jpeg\" alt=\"\" class=\"wp-image-1588\" srcset=\"https:\/\/lyceelespierresvives.fr\/wp-content\/uploads\/2024\/11\/IMG_4566-1024x768.jpeg 1024w, https:\/\/lyceelespierresvives.fr\/wp-content\/uploads\/2024\/11\/IMG_4566-300x225.jpeg 300w, https:\/\/lyceelespierresvives.fr\/wp-content\/uploads\/2024\/11\/IMG_4566-768x576.jpeg 768w, https:\/\/lyceelespierresvives.fr\/wp-content\/uploads\/2024\/11\/IMG_4566-1536x1152.jpeg 1536w, https:\/\/lyceelespierresvives.fr\/wp-content\/uploads\/2024\/11\/IMG_4566.jpeg 2048w\" sizes=\"auto, (max-width: 1024px) 100vw, 1024px\" \/><\/figure>\n\n<figure class=\"wp-block-image size-large\"><img loading=\"lazy\" decoding=\"async\" width=\"1024\" height=\"768\" data-id=\"1589\" src=\"https:\/\/lyceelespierresvives.fr\/wp-content\/uploads\/2024\/11\/IMG_4568-1024x768.jpeg\" alt=\"\" class=\"wp-image-1589\" srcset=\"https:\/\/lyceelespierresvives.fr\/wp-content\/uploads\/2024\/11\/IMG_4568-1024x768.jpeg 1024w, https:\/\/lyceelespierresvives.fr\/wp-content\/uploads\/2024\/11\/IMG_4568-300x225.jpeg 300w, https:\/\/lyceelespierresvives.fr\/wp-content\/uploads\/2024\/11\/IMG_4568-768x576.jpeg 768w, https:\/\/lyceelespierresvives.fr\/wp-content\/uploads\/2024\/11\/IMG_4568-1536x1152.jpeg 1536w, https:\/\/lyceelespierresvives.fr\/wp-content\/uploads\/2024\/11\/IMG_4568.jpeg 2048w\" sizes=\"auto, (max-width: 1024px) 100vw, 1024px\" \/><\/figure>\n\n<figure class=\"wp-block-image size-large\"><img loading=\"lazy\" decoding=\"async\" width=\"1024\" height=\"768\" data-id=\"1590\" src=\"https:\/\/lyceelespierresvives.fr\/wp-content\/uploads\/2024\/11\/IMG_4573-1024x768.jpeg\" alt=\"\" class=\"wp-image-1590\" srcset=\"https:\/\/lyceelespierresvives.fr\/wp-content\/uploads\/2024\/11\/IMG_4573-1024x768.jpeg 1024w, https:\/\/lyceelespierresvives.fr\/wp-content\/uploads\/2024\/11\/IMG_4573-300x225.jpeg 300w, https:\/\/lyceelespierresvives.fr\/wp-content\/uploads\/2024\/11\/IMG_4573-768x576.jpeg 768w, https:\/\/lyceelespierresvives.fr\/wp-content\/uploads\/2024\/11\/IMG_4573-1536x1152.jpeg 1536w, https:\/\/lyceelespierresvives.fr\/wp-content\/uploads\/2024\/11\/IMG_4573.jpeg 2048w\" sizes=\"auto, (max-width: 1024px) 100vw, 1024px\" \/><\/figure><\/figure>","protected":false},"excerpt":{"rendered":"<p>Premi\u00e8re r\u00e9p\u00e9tition de la chorale avec les autres lyc\u00e9es du projet Radio-France autour de Billie Holiday, rencontre avec le chef de ch\u0153ur Louis Gal et tous les responsables du projet. Dans le magnifique lyc\u00e9e Jacques Decour pr\u00e8s de Montmartre, o\u00f9 auront \u00e9galement lieu toutes les autres r\u00e9p\u00e9titions en tutti avant le concert du 3 mai [&hellip;]<\/p>\n","protected":false},"author":2,"featured_media":1808,"comment_status":"open","ping_status":"open","sticky":false,"template":"wp-custom-template-mod-le-article-cat-gorie-culturel","format":"standard","meta":{"inline_featured_image":false,"footnotes":""},"categories":[11],"tags":[],"class_list":["post-1449","post","type-post","status-publish","format-standard","has-post-thumbnail","hentry","category-culturel"],"_links":{"self":[{"href":"https:\/\/lyceelespierresvives.fr\/index.php?rest_route=\/wp\/v2\/posts\/1449","targetHints":{"allow":["GET"]}}],"collection":[{"href":"https:\/\/lyceelespierresvives.fr\/index.php?rest_route=\/wp\/v2\/posts"}],"about":[{"href":"https:\/\/lyceelespierresvives.fr\/index.php?rest_route=\/wp\/v2\/types\/post"}],"author":[{"embeddable":true,"href":"https:\/\/lyceelespierresvives.fr\/index.php?rest_route=\/wp\/v2\/users\/2"}],"replies":[{"embeddable":true,"href":"https:\/\/lyceelespierresvives.fr\/index.php?rest_route=%2Fwp%2Fv2%2Fcomments&post=1449"}],"version-history":[{"count":4,"href":"https:\/\/lyceelespierresvives.fr\/index.php?rest_route=\/wp\/v2\/posts\/1449\/revisions"}],"predecessor-version":[{"id":1810,"href":"https:\/\/lyceelespierresvives.fr\/index.php?rest_route=\/wp\/v2\/posts\/1449\/revisions\/1810"}],"wp:featuredmedia":[{"embeddable":true,"href":"https:\/\/lyceelespierresvives.fr\/index.php?rest_route=\/wp\/v2\/media\/1808"}],"wp:attachment":[{"href":"https:\/\/lyceelespierresvives.fr\/index.php?rest_route=%2Fwp%2Fv2%2Fmedia&parent=1449"}],"wp:term":[{"taxonomy":"category","embeddable":true,"href":"https:\/\/lyceelespierresvives.fr\/index.php?rest_route=%2Fwp%2Fv2%2Fcategories&post=1449"},{"taxonomy":"post_tag","embeddable":true,"href":"https:\/\/lyceelespierresvives.fr\/index.php?rest_route=%2Fwp%2Fv2%2Ftags&post=1449"}],"curies":[{"name":"wp","href":"https:\/\/api.w.org\/{rel}","templated":true}]}}